{"id":1,"date":"2013-12-18T20:16:44","date_gmt":"2013-12-18T19:16:44","guid":{"rendered":"http:\/\/www.questaelamiastoria.com\/?p=1"},"modified":"2023-02-27T21:51:53","modified_gmt":"2023-02-27T20:51:53","slug":"ciao-mondo","status":"publish","type":"post","link":"https:\/\/www.questaelamiastoria.com\/?p=1","title":{"rendered":"Il Giardino dei Ricordi"},"content":{"rendered":"<header class=\"entry-header\">\n<pre class=\"entry-title\"><a style=\"white-space: normal;\" href=\"http:\/\/3.bp.blogspot.com\/-lgTYj7Gowk4\/UqRwOD7yZ4I\/AAAAAAAAAAc\/2oSglWpDFgA\/s1600\/Scan0011.JPG\"><img decoding=\"async\" loading=\"lazy\" title=\"la mia storia\" src=\"http:\/\/3.bp.blogspot.com\/-lgTYj7Gowk4\/UqRwOD7yZ4I\/AAAAAAAAAAc\/2oSglWpDFgA\/s1600\/Scan0011.JPG\" alt=\"\" width=\"226\" height=\"320\" border=\"0\" \/><\/a><\/pre>\n<\/header>\n<p style=\"text-align: center;\">Questa \u00e8 la mia storia<\/p>\n<p>Nel nostro Paese ci sono persone ed attivit\u00e0 che sono radicate da anni con lo stesso nome. Persone che hanno continuato le opere della famiglia o che hanno costruito ci\u00f2 che le nuove generazioni stanno proseguendo.\u00a0 Queste esperienze queste storie ,con il tempo verranno dimenticate , cancellate. Allora perch\u00e8 non raccontare le nostre storie ?\u00a0 Non sono le storie di poeti, di scienziati\u2026 ma di persone che hanno dato e costruito dei valori e per valori intendo sopratutto quelli dello spirito . Non \u00e8 facile mantenere nel tempo\u00a0 , un attivit\u00e0 passata di generazione in generazione e sempre all\u2019 interno della famiglia. Persone sconosciute , ma che nel tempo hanno saputo dare qualcosa alla comunit\u00e0 stessa.. Non perdiamo queste storie. Anche se una sola persona le legger\u00e0 , rimarranno vive e non saranno perse senza possibilit\u00e0 di recuperarLe. Una volta in Brasile (trenta anni fa circa) ci siamo imbattuti all\u2019inizio di un grande prato verde con una scritta \u201cIl Giardino dei Ricordi\u201d Questo \u00e8 lo spirito di questo blog. NON DIMENTICARE.<\/p>\n","protected":false},"excerpt":{"rendered":"<p>Questa \u00e8 la mia storia Nel nostro Paese ci sono persone ed attivit\u00e0 che sono radicate da anni con lo stesso nome. Persone che hanno continuato le opere della famiglia o che hanno costruito ci\u00f2&hellip;<\/p>\n","protected":false},"author":1,"featured_media":0,"comment_status":"open","ping_status":"open","sticky":false,"template":"","format":"standard","meta":[],"categories":[1],"tags":[],"_links":{"self":[{"href":"https:\/\/www.questaelamiastoria.com\/index.php?rest_route=\/wp\/v2\/posts\/1"}],"collection":[{"href":"https:\/\/www.questaelamiastoria.com\/index.php?rest_route=\/wp\/v2\/posts"}],"about":[{"href":"https:\/\/www.questaelamiastoria.com\/index.php?rest_route=\/wp\/v2\/types\/post"}],"author":[{"embeddable":true,"href":"https:\/\/www.questaelamiastoria.com\/index.php?rest_route=\/wp\/v2\/users\/1"}],"replies":[{"embeddable":true,"href":"https:\/\/www.questaelamiastoria.com\/index.php?rest_route=%2Fwp%2Fv2%2Fcomments&post=1"}],"version-history":[{"count":5,"href":"https:\/\/www.questaelamiastoria.com\/index.php?rest_route=\/wp\/v2\/posts\/1\/revisions"}],"predecessor-version":[{"id":107,"href":"https:\/\/www.questaelamiastoria.com\/index.php?rest_route=\/wp\/v2\/posts\/1\/revisions\/107"}],"wp:attachment":[{"href":"https:\/\/www.questaelamiastoria.com\/index.php?rest_route=%2Fwp%2Fv2%2Fmedia&parent=1"}],"wp:term":[{"taxonomy":"category","embeddable":true,"href":"https:\/\/www.questaelamiastoria.com\/index.php?rest_route=%2Fwp%2Fv2%2Fcategories&post=1"},{"taxonomy":"post_tag","embeddable":true,"href":"https:\/\/www.questaelamiastoria.com\/index.php?rest_route=%2Fwp%2Fv2%2Ftags&post=1"}],"curies":[{"name":"wp","href":"https:\/\/api.w.org\/{rel}","templated":true}]}}